{"id":655,"date":"2009-07-12T16:29:32","date_gmt":"2009-07-12T15:29:32","guid":{"rendered":"http:\/\/www.ricchezzavera.com\/blog\/?p=655"},"modified":"2021-03-10T07:33:02","modified_gmt":"2021-03-10T06:33:02","slug":"la-notte-buia-dellanima","status":"publish","type":"post","link":"https:\/\/www.ricchezzavera.com\/blog\/benessere\/la-notte-buia-dellanima\/","title":{"rendered":"La notte buia dell&#8217;Anima"},"content":{"rendered":"<h3 style=\"text-align: center;\"><img loading=\"lazy\" decoding=\"async\" class=\"alignleft size-full wp-image-7740\" src=\"https:\/\/www.ricchezzavera.com\/blog\/wp-content\/uploads\/2009\/07\/Notte-buia-anima-300x350-1.jpg\" alt=\"Notte buia anima\" width=\"300\" height=\"350\" srcset=\"https:\/\/www.ricchezzavera.com\/blog\/wp-content\/uploads\/2009\/07\/Notte-buia-anima-300x350-1.jpg 300w, https:\/\/www.ricchezzavera.com\/blog\/wp-content\/uploads\/2009\/07\/Notte-buia-anima-300x350-1-257x300.jpg 257w, https:\/\/www.ricchezzavera.com\/blog\/wp-content\/uploads\/2009\/07\/Notte-buia-anima-300x350-1-129x150.jpg 129w, https:\/\/www.ricchezzavera.com\/blog\/wp-content\/uploads\/2009\/07\/Notte-buia-anima-300x350-1-171x200.jpg 171w\" sizes=\"auto, (max-width: 300px) 100vw, 300px\" \/><\/h3>\n<p>Ciao, oggi ti parlo di come me ne sono uscito dalla mia <strong>Notte Buia dell&#8217;Anima<\/strong>.<\/p>\n<p><em>La notte buia dell&#8217;Anima<\/em> \u00e8 quel momento in cui ti senti perduto.<\/p>\n<p>Potremmo definirla come &#8220;<strong>quel momento in cui sperimentiamo un&#8217;incapacit\u00e0 ad affrontare positivamente gli attacchi dell&#8217;illusione (Maya)<\/strong>&#8220;.<\/p>\n<p>Per &#8220;illusione&#8221; intendo la realt\u00e0 di tutti i giorni.<\/p>\n<p>Potrebbe non esserti chiaro il motivo per cui chiamo &#8216;illusione&#8217; la realt\u00e0 che sarebbe appunto &#8220;reale&#8221;, ma di questo parler\u00f2 negli ebook finali&#8230;<\/p>\n<p>&#8230;il 5\u00b0 ed il 6\u00b0 Passo verso la Ricchezza Vera (<a href=\"https:\/\/ricchezzavera.com\">ebook GRATUITI scaricabili qui<\/a> o dalla colonnina qui in alto, al lato).<\/p>\n<p>Pare che tutti la passino, prima o poi, e <strong>questo momento buio \u00e8 diverso per tutti<\/strong>: c&#8217;\u00e8 chi ha una depressione, c&#8217;\u00e8 chi perde tutti i soldi, c&#8217;\u00e8 chi perde il compagno o la compagna, c&#8217;\u00e8 chi ha dei gravi lutti&#8230; insomma \u00e8 un momento veramente sfigato.<\/p>\n<p>Ho scoperto solo dopo averla vissuta che avesse anche un nome.<\/p>\n<p>Fu <a title=\"Gregg Braden\" href=\"https:\/\/www.ricchezzavera.com\/blog\/personaggi\/chi-e-gregg-braden\/\" target=\"_blank\" rel=\"noopener noreferrer\"><strong>Gregg Braden<\/strong><\/a> a parlarne in uno dei suoi video, ma quando passai la mia Notte Buia, non ero al corrente di nulla di tutto questo.<\/p>\n<p>Non conoscevo la vera essenza della realt\u00e0, non avevo neppure iniziato un <strong>percorso spirituale<\/strong> e nemmeno un percorso di <strong>sviluppo personale<\/strong>.<\/p>\n<p><!--more--><\/p>\n<h2 style=\"text-align: center;\"><strong>La notte buia dell&#8217;Anima<\/strong><\/h2>\n<h2 style=\"text-align: center;\"><strong>SVILUPPO PERSONALE e PERCORSO SPIRITUALE<\/strong><\/h2>\n<p>Mi sono fatto l&#8217;idea che cronologicamente venga prima lo <strong>Sviluppo Personale<\/strong> (conoscenza di tecniche come la PNL, EFT, etc.) e poi viene il <strong>Percorso Spirituale<\/strong> che \u00e8 quello in cui si sviluppa una consapevolezza &#8211; che potremmo definire anche &#8216;saggezza&#8217; &#8211; su noi stessi e sulla natura del nostro viaggio &#8216;umano&#8217;, e che ci consente di vivere felici.<\/p>\n<p>Non posso dire con certezza che debba essere per forza cos\u00ec per tutti, ma nel mio caso, penso che non sarebbe stato possibile intraprendere il cammino spirituale, senza alcuni fondamentali strumenti dello Sviluppo Personale.<\/p>\n<p>Peraltro, quando ho scoperto il &#8216;livello superiore&#8217; di sviluppo, ho anche notato che la maggior parte delle tecniche che insegnano i GURU dello Sviluppo Personale, hanno una forte derivazione esoterica.<\/p>\n<p>Pensa soltanto a quanto questi diano importanza alle visualizzazioni.<\/p>\n<h3 style=\"text-align: center;\"><strong>&#8220;Visualizza il tuo obiettivo!&#8221;<\/strong><\/h3>\n<p>Questo \u00e8 un must di tutti i GURU dello sviluppo personale.<\/p>\n<p>Probabilmente, se avessi incontrato prima la saggezza del Percorso spirituale, non avrei saputo cogliere cos\u00ec bene molte delle sue applicazioni pratiche.<\/p>\n<p>Infatti ho conosciuto tantissime persone presissime dal loro percorso spirituale, completamente senza piedi per terra e assolutamente incapaci di applicare le straordinarie conoscenze acquisite da qualche saggio orientale, alla loro vita quotidiana.<\/p>\n<p>Magari un giorno approfondir\u00f2 questo concetto che mi sono fatto di quella che ho definito <strong>&#8220;Spiritualit\u00e0 1.0&#8221;<\/strong>.<\/p>\n<p>\ud83d\ude42<\/p>\n<p>Dall&#8217;altro lato, ho conosciuto montagne di persone bloccate nello Sviluppo Personale e che hanno fatto o fanno una fatica mostruosa ad uscire dalle <strong>gabbie della razionalit\u00e0<\/strong>.<\/p>\n<p>Con questo non voglio dire che sia sbagliato, ma semplicemente che a mio avviso, conoscere le strategie pratiche di sviluppo personale pu\u00f2 essere utilissimo per affrontare il cammino spirituale.<\/p>\n<p>Con una simile &#8216;commistione&#8217; \u00e8 facile sviluppare una mentalit\u00e0 che sia un mix tra le straordinarie saggezze orientali e la loro applicazione pratica nella vita di tutti i giorni.<\/p>\n<p>Per essere pi\u00f9 chiaro, far\u00f2 un paio di esempi&#8230;<\/p>\n<h3 style=\"text-align: center;\">Esempi di gabbie mentali che imprigionano nella notte buia dell&#8217;Anima<\/h3>\n<h3>ESEMPIO 1:<\/h3>\n<p>Questo \u00e8 il caso di una persona che studia la saggezza orientale, ma che non ha la mentalit\u00e0 giusta per applicarla nella sua quotidianit\u00e0:<\/p>\n<blockquote><p><em>&#8220;Ho letto uno straordinario saggio di Sai Baba in cui parlava dell&#8217;importanza di Vivere Qui ed Ora! Ha anche detto che siamo noi che creiamo la nostra vita.&#8221;<\/em><\/p><\/blockquote>\n<p>La stessa persona, dopo poche ore:<\/p>\n<blockquote><p><em>&#8220;Questo \u00e8 un momento difficile della mia vita, ma spero che un giorno, con la Grazia del Signore, me ne potr\u00f2 uscire!&#8221;<\/em><\/p><\/blockquote>\n<p>Ecco, grazie alla pratica dello Sviluppo personale, riesce facile l&#8217;individuazione delle contraddizioni:<\/p>\n<blockquote><p>&#8220;Questo \u00e8 un momento difficile della mia vita <strong>[con questa affermazione si sta cristallizzando nel presente una realt\u00e0 di difficolt\u00e0]<\/strong> ma spero <strong>[spero = zero. Mi insegnavano ai corsi di PNL \ud83d\ude09 ]<\/strong> che un giorno, con la Grazia del Signore, me ne potr\u00f2 uscire! <strong>[qui si tradisce l&#8217;aspettativa che sia qualcuno dall&#8217;esterno che ci venga a salvare, non noi stessi!]<\/strong>&#8220;<\/p><\/blockquote>\n<h3>ESEMPIO 2:<\/h3>\n<blockquote><p><em>&#8220;Ho letto uno splendido saggio di Osho sul <a href=\"https:\/\/ricchezzavera.blogspot.com\/2008\/11\/cos-il-satsang-antipasto-del-4-e-book.html\" target=\"_blank\" rel=\"noopener noreferrer\"><strong>Satsang<\/strong><\/a>&#8220;<\/em><\/p><\/blockquote>\n<p>Stessa persona, dopo pochi minuti:<\/p>\n<blockquote><p><em>&#8220;Oggi sono un p\u00f2 gi\u00f9 di morale, me ne vado a passare il pomeriggio da Giovanni&#8221; <\/em>(un amico depresso cronico)<em><br \/>\n<\/em><\/p><\/blockquote>\n<p>Per quanto sia <strong>naturale essere attratti da energie uguali<\/strong> (persone sintonizzate sulla stessa onda) anche qui si vedono le contraddizioni palesi tra ci\u00f2 che si \u00e8 imparato dalla filosofia orientale e l&#8217;assoluta mancanza di applicazione pratica.<\/p>\n<p>Per fortuna so che moltissimi lettori di questo blog sono gi\u00e0 in un&#8217;avanzatissimo grado di sviluppo &#8211; sia personale che spirituale &#8211; quindi, fatto questo dovuto preambolo, tornerei a parlare della mia notte buia, quel periodo di due anni dal quale me ne uscii in soli 3 giorni, con un corso di sviluppo personale.<\/p>\n<p>Stiamo parlando del 2000, quasi 10 anni fa.<\/p>\n<h2 style=\"text-align: center;\"><strong>La notte buia dell&#8217;Anima (la mia):<br \/>\n<\/strong><\/h2>\n<blockquote>\n<p style=\"text-align: center;\"><em><strong>\u201cDio non ci manda mai prove pi\u00f9 difficili di quelle che possiamo sopportare\u201d<\/strong><\/em><\/p>\n<\/blockquote>\n<p style=\"text-align: left;\">La mia notte buia venne quando a 17 anni mi lasciai con la mia fidanzatina dell&#8217;epoca.<\/p>\n<p style=\"text-align: left;\">Era la mia prima storia di una certa importanza, dur\u00f2 per 1 anno.<\/p>\n<p style=\"text-align: left;\">Da quel momento, passai 2 anni che &#8211; senza conoscere la definizione di <a title=\"Gregg Braden: La Scienza Perduta della Preghiera\" href=\"https:\/\/www.ricchezzavera.com\/blog\/prodotti\/libri-ed-ebook\/gregg-braden-la-scienza-perduta-della-preghiera\/\" target=\"_blank\" rel=\"noopener noreferrer\"><strong>Gregg Braden<\/strong><\/a> &#8211; ho sempre battezzato <em>&#8216;il periodo buio della mia vita&#8217;<\/em>.<\/p>\n<p style=\"text-align: left;\">H0 sempre immaginato come un grafico di borsa in cui da un&#8217;andatura stabile, si va in un crollo verticale, fino a giungere in una fase DOWN per circa 2 anni, poi&#8230; la ripresa.<\/p>\n<p style=\"text-align: left;\">Ma ci tengo a precisare che non ero in fase &#8216;down&#8217; perch\u00e9 pensavo alla fidanzatina, ma perch\u00e8 avevo fondato tutta la mia vita su di lei e, venendo meno lei, mi era crollato tutta la vita.<\/p>\n<p style=\"text-align: left;\">Ripeto: <strong>avevo fondato tutto su un unico pilastro e venendo meno quel pilastro, \u00e8 venuta gi\u00f9 tutta la mia vita<\/strong>.<\/p>\n<p style=\"text-align: left;\">Spero che questo insegnamento che mi fece all&#8217;epoca la vita, sia utile anche per te adesso.<\/p>\n<p style=\"text-align: left;\">E&#8217; un insegnamento che pu\u00f2 tranquillamente valere per tutti gli altri campi della vita.<\/p>\n<h3 style=\"text-align: center;\">Pensa ai soldi.<\/h3>\n<p style=\"text-align: left;\">Pensa a quelle persone che hanno fondato tutto il loro potere sui soldi.<\/p>\n<p style=\"text-align: left;\">Quale miglior insegnamento da parte della vita, se non di togliere i soldi a quelle persone?<\/p>\n<p style=\"text-align: left;\">Non per cattiveria, ma per aiutarle a comprendere che non \u00e8 sui soldi che devono fondare il loro potere.<\/p>\n<p style=\"text-align: left;\">Magari, leggendo, potrebbe essersi attivato in te qualche allarme legato alla parola &#8216;Potere&#8217;, ma non temere: il Potere non \u00e8 una cosa negativa, anzi, noi tutti dovremmo riappropriarci del nostro <strong>Potere Personale<\/strong> (ovviamente ne parler\u00f2 nei prossimi ebook e anche nel blog).<\/p>\n<p style=\"text-align: left;\">Quindi, grazie a questa esperienza (depressione per 2 anni, non uno scherzo&#8230; \ud83d\ude09 ), ho compreso che la mia Felicit\u00e0 non doveva fondarsi su una compagna, n\u00e8 su qualche altra cosa&#8230;<\/p>\n<p style=\"text-align: left;\">.<strong>..su cosa, dunque, doveva basarsi la mia Felicit\u00e0 ed il mio Potere Personale?<\/strong><\/p>\n<h3 style=\"text-align: center;\">Lo so, lo so, gi\u00e0 l&#8217;hai intuito: su me stesso!<\/h3>\n<p style=\"text-align: left;\">Comprendere questa cosa \u00e8 stato un traguardo che pu\u00f2 sembrarti facile oggi, ma per me fu <strong>un&#8217;illuminazione vera e propria<\/strong> all&#8217;epoca.<\/p>\n<p style=\"text-align: left;\">E la stessa cosa vale per i soldi e per i rapporti sociali: <strong>molte persone fondano il loro potere sugli altri, basando tutto sui soldi che posseggono<\/strong>, ma l&#8217;errore \u00e8 duplice:<\/p>\n<p style=\"text-align: left;\">1) NON si deve desiderare di avere potere sugli altri, ma di averne su s\u00e9 stesso!<\/p>\n<p style=\"text-align: left;\">2) Questo Potere Personale, non deve esistere soltanto quando si hanno tanti soldi: tanto pi\u00f9 sei forte nei momenti di crisi finanziaria, tanto pi\u00f9 avrai la forza di attrarre nella tua vita nuovo danaro!<\/p>\n<p style=\"text-align: left;\">Ma questo potere non deriva dal denaro (che \u00e8 un&#8217;energia neutra, non ha potere in s\u00e9 per s\u00e9), bens\u00ec da quanto ci siamo riappropriati del nostro Potere Personale!<\/p>\n<p style=\"text-align: left;\">Ok, mi sto incanalando un un discorso bellissimo, ma fuorviante rispetto al tema di cui volevo parlarti oggi.<\/p>\n<h3 style=\"text-align: center;\">Torniamo alla mia Notte Buia dell&#8217;Anima<\/h3>\n<p style=\"text-align: left;\">E&#8217; facile immaginare che la ripresa sia stata lenta e graduale, ma non fu cos\u00ec: la ripresa fu repentina e fulminea!<\/p>\n<p style=\"text-align: left;\"><strong>In soli 3 giorni, la mia vita cambi\u00f2 completamente rotta<\/strong>!<\/p>\n<p style=\"text-align: left;\">Ebbene si: quel ragazzino di circa 20 anni, dopo aver patito quelle pene d&#8217;amore, scopr\u00ec di essere un uomo.<\/p>\n<p style=\"text-align: left;\">Scopr\u00ec che doveva ricercare dentro di s\u00e9 la forza per uscirsene da quella situazione e soprattutto aveva capito che se avesse fatto di s\u00e9 stesso l&#8217;unico pilastro su cui fondare la propria vita, avrebbe finalmente potuto vivere al massimo il resto dei suoi giorni.<\/p>\n<p style=\"text-align: left;\">Perch\u00e9 gli <strong>avrebbero potuto portar via la sua donna, i suoi soldi, le sue cose, ma nessuno avrebbe mai potuto portargli vita IL pilastro su cui aveva fondato la sua vita<\/strong>.<\/p>\n<p style=\"text-align: left;\">E quindi, con l&#8217;applicazione di tante tecniche e facendo tantissime esperienze, in quegli incredibili 3 giorni, imparai ad attingere ad una parte potentissima di me e iniziai a comprendere veramente quanto potesse essere incredibile la <strong>Forza del Pensiero<\/strong>.<\/p>\n<h3 style=\"text-align: center;\">La Forza del Pensiero<\/h3>\n<p style=\"text-align: left;\">Dopo quei tre giorni ho imparato ancora tantissime cose, tanto per intenderci, il percorso spirituale di cui parlo negli ebook \u00e8 iniziato circa 5-6 anni dopo&#8230;<\/p>\n<p style=\"text-align: left;\">&#8230;quindi ho appreso tante cose nuove sulla natura della depressione ed ho scoperto tantissime nuove strategie per uscirsene (ne parler\u00f2 senz&#8217;altro nei prossimi 2 ebook)&#8230;<\/p>\n<p style=\"text-align: left;\">&#8230;ma <strong>il ricordo di quei giorni in cui diedi una svolta decisiva alla mia vita, mi accompagna ancora.<\/strong><\/p>\n<p style=\"text-align: left;\">Mi rendo conto che ho scritto un post chilometrico, pertanto mi fermo qui e proseguo tra qualche giorno.<\/p>\n<p style=\"text-align: left;\"><strong>Nel prossimo post ti sveler\u00f2 dove ho passato questi incredibili 3 giorni<\/strong> (anche se molti amici che leggono questo blog da parecchio avranno gi\u00e0 indovinato di che parlo&#8230; \ud83d\ude42 ) <strong>e soprattutto con CHI<\/strong>.<\/p>\n<p style=\"text-align: left;\">Il motivo per cui ti ho introdotto questo argomento oggi \u00e8 che tra pochissimo tempo, questa stessa persona che mi insegn\u00f2 come dare una svolta radicale alla mia vita, verr\u00e0 in Italia, per cui mi sento in dovere di sdebitarmi con lui con questo ed il prossimo post che gli dedicher\u00f2 per gratitudine.<\/p>\n<p style=\"text-align: left;\"><strong>[AGGIORNAMENTO: ecco di chi parlo: <a title=\"Anthony Robbins a Roma\" href=\"https:\/\/www.ricchezzavera.com\/blog\/pnl\/sviluppo-personale\/anthony-robbins-a-roma-25-28-settembre-2009\/\" target=\"_blank\" rel=\"noopener noreferrer\">Anthony Robbins a Roma<\/a>]<\/strong><\/p>\n<blockquote>\n<p style=\"text-align: left;\"><strong>RISORSA: la depressione pu\u00f2 dipendere da larve energetiche.<\/strong><\/p>\n<p style=\"text-align: left;\">In molti casi, basta farsi delle semplici<strong> Pulizie Energetiche<\/strong> del proprio Campo Aurico per risolvere.<img loading=\"lazy\" decoding=\"async\" class=\"alignright wp-image-7739 size-full\" src=\"https:\/\/www.ricchezzavera.com\/blog\/wp-content\/uploads\/2009\/07\/3-riprogrammazioni-di-luce1.png\" alt=\"3 riprogrammazioni di luce\" width=\"300\" height=\"350\" srcset=\"https:\/\/www.ricchezzavera.com\/blog\/wp-content\/uploads\/2009\/07\/3-riprogrammazioni-di-luce1.png 300w, https:\/\/www.ricchezzavera.com\/blog\/wp-content\/uploads\/2009\/07\/3-riprogrammazioni-di-luce1-257x300.png 257w, https:\/\/www.ricchezzavera.com\/blog\/wp-content\/uploads\/2009\/07\/3-riprogrammazioni-di-luce1-129x150.png 129w, https:\/\/www.ricchezzavera.com\/blog\/wp-content\/uploads\/2009\/07\/3-riprogrammazioni-di-luce1-171x200.png 171w\" sizes=\"auto, (max-width: 300px) 100vw, 300px\" \/><\/p>\n<p style=\"text-align: left;\"><strong>Qui trovi le <a href=\"http:\/\/www.ricchezzavera.com\/3riprogrammazioni\/index4rm.html\" target=\"_blank\" rel=\"noopener noreferrer\">3 Riprogrammazioni di Luce<\/a>, di cui la prima \u00e8 proprio una Pulizia Energetica.<\/strong><\/p>\n<p style=\"text-align: left;\">Fai tutto il Piano di Azione incluso nel pacchetto e fammi sapere se hai risolto il problema! \ud83d\ude09<\/p>\n<\/blockquote>\n<p style=\"text-align: left;\">A presto!<\/p>\n<p style=\"text-align: left;\">1abbraccio<\/p>\n<p style=\"text-align: left;\">Jos\u00e8<\/p>\n<p style=\"text-align: left;\">Ps<\/p>\n<p style=\"text-align: left;\">hai capito di chi parlavo?<\/p>\n<p style=\"text-align: left;\">\ud83d\ude42<\/p>\n<p style=\"text-align: left;\">PPS<\/p>\n<p style=\"text-align: left;\">Se ti \u00e8 piaciuto <span style=\"text-decoration: underline;\">&#8220;La notte buia dell&#8217;Anima&#8221;<\/span>, clicca sul pulsante qui in basso e condividi su Facebook! \ud83d\ude42<\/p>\n","protected":false},"excerpt":{"rendered":"<p>Ciao, oggi ti parlo di come me ne sono uscito dalla mia Notte Buia dell&#8217;Anima. La notte buia dell&#8217;Anima \u00e8 quel momento in cui ti senti perduto. Potremmo definirla come &#8220;quel momento in cui sperimentiamo un&#8217;incapacit\u00e0 ad affrontare positivamente gli attacchi dell&#8217;illusione (Maya)&#8220;. Per &#8220;illusione&#8221; intendo la realt\u00e0 di tutti i giorni. Potrebbe non esserti [&hellip;]<\/p>\n","protected":false},"author":2,"featured_media":0,"comment_status":"open","ping_status":"closed","sticky":false,"template":"","format":"standard","meta":{"footnotes":""},"categories":[93],"tags":[109,193,107],"class_list":["post-655","post","type-post","status-publish","format-standard","hentry","category-benessere","tag-depressione","tag-forza-del-pensiero","tag-la-notte-buia-dellanima","post-wrapper","thrv_wrapper"],"yoast_head":"<!-- This site is optimized with the Yoast SEO plugin v27.5 - https:\/\/yoast.com\/product\/yoast-seo-wordpress\/ -->\n<title>La notte buia dell&#039;Anima, cos&#039;\u00e8 e come uscirne consapevolmente?<\/title>\n<meta name=\"description\" content=\"La notte buia dell&#039;Anima, anche detta &quot;notte oscura dell&#039;anima&quot; \u00e8 quel momento di tristezza e paura in cui ti senti perduto, e serve per riavvicinarsi a Dio\" \/>\n<meta name=\"robots\" content=\"index, follow, max-snippet:-1, max-image-preview:large, max-video-preview:-1\" \/>\n<link rel=\"canonical\" href=\"https:\/\/www.ricchezzavera.com\/blog\/benessere\/la-notte-buia-dellanima\/\" \/>\n<meta property=\"og:locale\" content=\"it_IT\" \/>\n<meta property=\"og:type\" content=\"article\" \/>\n<meta property=\"og:title\" content=\"La notte buia dell&#039;Anima, cos&#039;\u00e8 e come uscirne consapevolmente?\" \/>\n<meta property=\"og:description\" content=\"La notte buia dell&#039;Anima, anche detta &quot;notte oscura dell&#039;anima&quot; \u00e8 quel momento di tristezza e paura in cui ti senti perduto, e serve per riavvicinarsi a Dio\" \/>\n<meta property=\"og:url\" content=\"https:\/\/www.ricchezzavera.com\/blog\/benessere\/la-notte-buia-dellanima\/\" \/>\n<meta property=\"og:site_name\" content=\"Ricchezza Vera\" \/>\n<meta property=\"article:publisher\" content=\"https:\/\/www.facebook.com\/ricchezzavera.fanpage\" \/>\n<meta property=\"article:published_time\" content=\"2009-07-12T15:29:32+00:00\" \/>\n<meta property=\"article:modified_time\" content=\"2021-03-10T06:33:02+00:00\" \/>\n<meta property=\"og:image\" content=\"https:\/\/www.ricchezzavera.com\/blog\/wp-content\/uploads\/2009\/07\/Notte-buia-anima-600x3151-1.jpg\" \/>\n\t<meta property=\"og:image:width\" content=\"600\" \/>\n\t<meta property=\"og:image:height\" content=\"315\" \/>\n\t<meta property=\"og:image:type\" content=\"image\/jpeg\" \/>\n<meta name=\"author\" content=\"Jose&#039; Scafarelli\" \/>\n<meta name=\"twitter:card\" content=\"summary_large_image\" \/>\n<meta name=\"twitter:creator\" content=\"@ricchezzavera\" \/>\n<meta name=\"twitter:site\" content=\"@ricchezzavera\" \/>\n<meta name=\"twitter:label1\" content=\"Scritto da\" \/>\n\t<meta name=\"twitter:data1\" content=\"Jose&#039; Scafarelli\" \/>\n\t<meta name=\"twitter:label2\" content=\"Tempo di lettura stimato\" \/>\n\t<meta name=\"twitter:data2\" content=\"9 minuti\" \/>\n<script type=\"application\/ld+json\" class=\"yoast-schema-graph\">{\"@context\":\"https:\\\/\\\/schema.org\",\"@graph\":[{\"@type\":\"Article\",\"@id\":\"https:\\\/\\\/www.ricchezzavera.com\\\/blog\\\/benessere\\\/la-notte-buia-dellanima\\\/#article\",\"isPartOf\":{\"@id\":\"https:\\\/\\\/www.ricchezzavera.com\\\/blog\\\/benessere\\\/la-notte-buia-dellanima\\\/\"},\"author\":{\"name\":\"Jose' Scafarelli\",\"@id\":\"https:\\\/\\\/www.ricchezzavera.com\\\/blog\\\/#\\\/schema\\\/person\\\/a4ac8688002f5a574cf4f3afeb1b2e85\"},\"headline\":\"La notte buia dell&#8217;Anima\",\"datePublished\":\"2009-07-12T15:29:32+00:00\",\"dateModified\":\"2021-03-10T06:33:02+00:00\",\"mainEntityOfPage\":{\"@id\":\"https:\\\/\\\/www.ricchezzavera.com\\\/blog\\\/benessere\\\/la-notte-buia-dellanima\\\/\"},\"wordCount\":1738,\"commentCount\":93,\"publisher\":{\"@id\":\"https:\\\/\\\/www.ricchezzavera.com\\\/blog\\\/#organization\"},\"image\":{\"@id\":\"https:\\\/\\\/www.ricchezzavera.com\\\/blog\\\/benessere\\\/la-notte-buia-dellanima\\\/#primaryimage\"},\"thumbnailUrl\":\"https:\\\/\\\/www.ricchezzavera.com\\\/blog\\\/wp-content\\\/uploads\\\/2009\\\/07\\\/Notte-buia-anima-300x350-1.jpg\",\"keywords\":[\"depressione\",\"Forza del Pensiero\",\"la notte buia dell'Anima\"],\"articleSection\":[\"Benessere\"],\"inLanguage\":\"it-IT\",\"potentialAction\":[{\"@type\":\"CommentAction\",\"name\":\"Comment\",\"target\":[\"https:\\\/\\\/www.ricchezzavera.com\\\/blog\\\/benessere\\\/la-notte-buia-dellanima\\\/#respond\"]}]},{\"@type\":\"WebPage\",\"@id\":\"https:\\\/\\\/www.ricchezzavera.com\\\/blog\\\/benessere\\\/la-notte-buia-dellanima\\\/\",\"url\":\"https:\\\/\\\/www.ricchezzavera.com\\\/blog\\\/benessere\\\/la-notte-buia-dellanima\\\/\",\"name\":\"La notte buia dell'Anima, cos'\u00e8 e come uscirne consapevolmente?\",\"isPartOf\":{\"@id\":\"https:\\\/\\\/www.ricchezzavera.com\\\/blog\\\/#website\"},\"primaryImageOfPage\":{\"@id\":\"https:\\\/\\\/www.ricchezzavera.com\\\/blog\\\/benessere\\\/la-notte-buia-dellanima\\\/#primaryimage\"},\"image\":{\"@id\":\"https:\\\/\\\/www.ricchezzavera.com\\\/blog\\\/benessere\\\/la-notte-buia-dellanima\\\/#primaryimage\"},\"thumbnailUrl\":\"https:\\\/\\\/www.ricchezzavera.com\\\/blog\\\/wp-content\\\/uploads\\\/2009\\\/07\\\/Notte-buia-anima-300x350-1.jpg\",\"datePublished\":\"2009-07-12T15:29:32+00:00\",\"dateModified\":\"2021-03-10T06:33:02+00:00\",\"description\":\"La notte buia dell'Anima, anche detta \\\"notte oscura dell'anima\\\" \u00e8 quel momento di tristezza e paura in cui ti senti perduto, e serve per riavvicinarsi a Dio\",\"inLanguage\":\"it-IT\",\"potentialAction\":[{\"@type\":\"ReadAction\",\"target\":[\"https:\\\/\\\/www.ricchezzavera.com\\\/blog\\\/benessere\\\/la-notte-buia-dellanima\\\/\"]}]},{\"@type\":\"ImageObject\",\"inLanguage\":\"it-IT\",\"@id\":\"https:\\\/\\\/www.ricchezzavera.com\\\/blog\\\/benessere\\\/la-notte-buia-dellanima\\\/#primaryimage\",\"url\":\"https:\\\/\\\/www.ricchezzavera.com\\\/blog\\\/wp-content\\\/uploads\\\/2009\\\/07\\\/Notte-buia-anima-300x350-1.jpg\",\"contentUrl\":\"https:\\\/\\\/www.ricchezzavera.com\\\/blog\\\/wp-content\\\/uploads\\\/2009\\\/07\\\/Notte-buia-anima-300x350-1.jpg\",\"width\":300,\"height\":350,\"caption\":\"Notte buia anima\"},{\"@type\":\"WebSite\",\"@id\":\"https:\\\/\\\/www.ricchezzavera.com\\\/blog\\\/#website\",\"url\":\"https:\\\/\\\/www.ricchezzavera.com\\\/blog\\\/\",\"name\":\"Ricchezza Vera\",\"description\":\"Il Tuo Percorso di Evoluzione Energetica per la Creazione Consapevole\",\"publisher\":{\"@id\":\"https:\\\/\\\/www.ricchezzavera.com\\\/blog\\\/#organization\"},\"potentialAction\":[{\"@type\":\"SearchAction\",\"target\":{\"@type\":\"EntryPoint\",\"urlTemplate\":\"https:\\\/\\\/www.ricchezzavera.com\\\/blog\\\/?s={search_term_string}\"},\"query-input\":{\"@type\":\"PropertyValueSpecification\",\"valueRequired\":true,\"valueName\":\"search_term_string\"}}],\"inLanguage\":\"it-IT\"},{\"@type\":\"Organization\",\"@id\":\"https:\\\/\\\/www.ricchezzavera.com\\\/blog\\\/#organization\",\"name\":\"Merlin Temple SHPK\",\"url\":\"https:\\\/\\\/www.ricchezzavera.com\\\/blog\\\/\",\"logo\":{\"@type\":\"ImageObject\",\"inLanguage\":\"it-IT\",\"@id\":\"https:\\\/\\\/www.ricchezzavera.com\\\/blog\\\/#\\\/schema\\\/logo\\\/image\\\/\",\"url\":\"https:\\\/\\\/www.ricchezzavera.com\\\/blog\\\/wp-content\\\/uploads\\\/2023\\\/08\\\/LOGO-Merlin-Temple.jpg\",\"contentUrl\":\"https:\\\/\\\/www.ricchezzavera.com\\\/blog\\\/wp-content\\\/uploads\\\/2023\\\/08\\\/LOGO-Merlin-Temple.jpg\",\"width\":323,\"height\":326,\"caption\":\"Merlin Temple SHPK\"},\"image\":{\"@id\":\"https:\\\/\\\/www.ricchezzavera.com\\\/blog\\\/#\\\/schema\\\/logo\\\/image\\\/\"},\"sameAs\":[\"https:\\\/\\\/www.facebook.com\\\/ricchezzavera.fanpage\",\"https:\\\/\\\/x.com\\\/ricchezzavera\",\"https:\\\/\\\/it.linkedin.com\\\/in\\\/ricchezzavera\\\/\",\"https:\\\/\\\/www.instagram.com\\\/ricchezzavera\\\/\",\"https:\\\/\\\/www.pinterest.com\\\/ricchezzavera\\\/\",\"https:\\\/\\\/www.youtube.com\\\/@RicchezzaVeraChannel\"]},{\"@type\":\"Person\",\"@id\":\"https:\\\/\\\/www.ricchezzavera.com\\\/blog\\\/#\\\/schema\\\/person\\\/a4ac8688002f5a574cf4f3afeb1b2e85\",\"name\":\"Jose' Scafarelli\",\"image\":{\"@type\":\"ImageObject\",\"inLanguage\":\"it-IT\",\"@id\":\"https:\\\/\\\/secure.gravatar.com\\\/avatar\\\/57747a4f64f798095fc88c87532bda622f44809c99404e4d084a8fc5c1a6491b?s=96&d=mm&r=g\",\"url\":\"https:\\\/\\\/secure.gravatar.com\\\/avatar\\\/57747a4f64f798095fc88c87532bda622f44809c99404e4d084a8fc5c1a6491b?s=96&d=mm&r=g\",\"contentUrl\":\"https:\\\/\\\/secure.gravatar.com\\\/avatar\\\/57747a4f64f798095fc88c87532bda622f44809c99404e4d084a8fc5c1a6491b?s=96&d=mm&r=g\",\"caption\":\"Jose' Scafarelli\"},\"description\":\"Autore e Ricercatore con il focus sul rapporto tra Ricchezza e Spiritualit\u00e0. I suoi studi hanno dato vita, nel 2007 al Percorso di RicchezzaVera che \u00e8 \\\"La via dell'Evoluzione Energetica verso la Creazione Consapevole\\\", aiutando decine di migliaia di persone in tutto il mondo a rendere pi\u00f9 ricca e felice la propria vita. Dopo aver abbandonato la carriera di Avvocato nel 2012, ha tenuto corsi su Ricchezza e Spiritualit\u00e0 in Europa, Asia e Sud America. Negli ultimi 15 anni ha prodotto oltre 114 Training nell'EnergetiClub, e ha pubblicato i Bestseller \\\"Ama e Arricchisci Te Stesso - Trasforma la tua vita con la Formula Ricchezza Vera\\\" (edito da Uno Editori) e \\\"Manifesting Freedom - Come Manifestare la Libert\u00e0 nella tua vita e nel Mondo con la Creazione Consapevole\\\" (edito da Bruno Editore).\",\"sameAs\":[\"http:\\\/\\\/www.ricchezzavera.com\\\/\"],\"url\":\"https:\\\/\\\/www.ricchezzavera.com\\\/blog\\\/author\\\/joses\\\/\"}]}<\/script>\n<!-- \/ Yoast SEO plugin. -->","yoast_head_json":{"title":"La notte buia dell'Anima, cos'\u00e8 e come uscirne consapevolmente?","description":"La notte buia dell'Anima, anche detta \"notte oscura dell'anima\" \u00e8 quel momento di tristezza e paura in cui ti senti perduto, e serve per riavvicinarsi a Dio","robots":{"index":"index","follow":"follow","max-snippet":"max-snippet:-1","max-image-preview":"max-image-preview:large","max-video-preview":"max-video-preview:-1"},"canonical":"https:\/\/www.ricchezzavera.com\/blog\/benessere\/la-notte-buia-dellanima\/","og_locale":"it_IT","og_type":"article","og_title":"La notte buia dell'Anima, cos'\u00e8 e come uscirne consapevolmente?","og_description":"La notte buia dell'Anima, anche detta \"notte oscura dell'anima\" \u00e8 quel momento di tristezza e paura in cui ti senti perduto, e serve per riavvicinarsi a Dio","og_url":"https:\/\/www.ricchezzavera.com\/blog\/benessere\/la-notte-buia-dellanima\/","og_site_name":"Ricchezza Vera","article_publisher":"https:\/\/www.facebook.com\/ricchezzavera.fanpage","article_published_time":"2009-07-12T15:29:32+00:00","article_modified_time":"2021-03-10T06:33:02+00:00","og_image":[{"width":600,"height":315,"url":"https:\/\/www.ricchezzavera.com\/blog\/wp-content\/uploads\/2009\/07\/Notte-buia-anima-600x3151-1.jpg","type":"image\/jpeg"}],"author":"Jose' Scafarelli","twitter_card":"summary_large_image","twitter_creator":"@ricchezzavera","twitter_site":"@ricchezzavera","twitter_misc":{"Scritto da":"Jose' Scafarelli","Tempo di lettura stimato":"9 minuti"},"schema":{"@context":"https:\/\/schema.org","@graph":[{"@type":"Article","@id":"https:\/\/www.ricchezzavera.com\/blog\/benessere\/la-notte-buia-dellanima\/#article","isPartOf":{"@id":"https:\/\/www.ricchezzavera.com\/blog\/benessere\/la-notte-buia-dellanima\/"},"author":{"name":"Jose' Scafarelli","@id":"https:\/\/www.ricchezzavera.com\/blog\/#\/schema\/person\/a4ac8688002f5a574cf4f3afeb1b2e85"},"headline":"La notte buia dell&#8217;Anima","datePublished":"2009-07-12T15:29:32+00:00","dateModified":"2021-03-10T06:33:02+00:00","mainEntityOfPage":{"@id":"https:\/\/www.ricchezzavera.com\/blog\/benessere\/la-notte-buia-dellanima\/"},"wordCount":1738,"commentCount":93,"publisher":{"@id":"https:\/\/www.ricchezzavera.com\/blog\/#organization"},"image":{"@id":"https:\/\/www.ricchezzavera.com\/blog\/benessere\/la-notte-buia-dellanima\/#primaryimage"},"thumbnailUrl":"https:\/\/www.ricchezzavera.com\/blog\/wp-content\/uploads\/2009\/07\/Notte-buia-anima-300x350-1.jpg","keywords":["depressione","Forza del Pensiero","la notte buia dell'Anima"],"articleSection":["Benessere"],"inLanguage":"it-IT","potentialAction":[{"@type":"CommentAction","name":"Comment","target":["https:\/\/www.ricchezzavera.com\/blog\/benessere\/la-notte-buia-dellanima\/#respond"]}]},{"@type":"WebPage","@id":"https:\/\/www.ricchezzavera.com\/blog\/benessere\/la-notte-buia-dellanima\/","url":"https:\/\/www.ricchezzavera.com\/blog\/benessere\/la-notte-buia-dellanima\/","name":"La notte buia dell'Anima, cos'\u00e8 e come uscirne consapevolmente?","isPartOf":{"@id":"https:\/\/www.ricchezzavera.com\/blog\/#website"},"primaryImageOfPage":{"@id":"https:\/\/www.ricchezzavera.com\/blog\/benessere\/la-notte-buia-dellanima\/#primaryimage"},"image":{"@id":"https:\/\/www.ricchezzavera.com\/blog\/benessere\/la-notte-buia-dellanima\/#primaryimage"},"thumbnailUrl":"https:\/\/www.ricchezzavera.com\/blog\/wp-content\/uploads\/2009\/07\/Notte-buia-anima-300x350-1.jpg","datePublished":"2009-07-12T15:29:32+00:00","dateModified":"2021-03-10T06:33:02+00:00","description":"La notte buia dell'Anima, anche detta \"notte oscura dell'anima\" \u00e8 quel momento di tristezza e paura in cui ti senti perduto, e serve per riavvicinarsi a Dio","inLanguage":"it-IT","potentialAction":[{"@type":"ReadAction","target":["https:\/\/www.ricchezzavera.com\/blog\/benessere\/la-notte-buia-dellanima\/"]}]},{"@type":"ImageObject","inLanguage":"it-IT","@id":"https:\/\/www.ricchezzavera.com\/blog\/benessere\/la-notte-buia-dellanima\/#primaryimage","url":"https:\/\/www.ricchezzavera.com\/blog\/wp-content\/uploads\/2009\/07\/Notte-buia-anima-300x350-1.jpg","contentUrl":"https:\/\/www.ricchezzavera.com\/blog\/wp-content\/uploads\/2009\/07\/Notte-buia-anima-300x350-1.jpg","width":300,"height":350,"caption":"Notte buia anima"},{"@type":"WebSite","@id":"https:\/\/www.ricchezzavera.com\/blog\/#website","url":"https:\/\/www.ricchezzavera.com\/blog\/","name":"Ricchezza Vera","description":"Il Tuo Percorso di Evoluzione Energetica per la Creazione Consapevole","publisher":{"@id":"https:\/\/www.ricchezzavera.com\/blog\/#organization"},"potentialAction":[{"@type":"SearchAction","target":{"@type":"EntryPoint","urlTemplate":"https:\/\/www.ricchezzavera.com\/blog\/?s={search_term_string}"},"query-input":{"@type":"PropertyValueSpecification","valueRequired":true,"valueName":"search_term_string"}}],"inLanguage":"it-IT"},{"@type":"Organization","@id":"https:\/\/www.ricchezzavera.com\/blog\/#organization","name":"Merlin Temple SHPK","url":"https:\/\/www.ricchezzavera.com\/blog\/","logo":{"@type":"ImageObject","inLanguage":"it-IT","@id":"https:\/\/www.ricchezzavera.com\/blog\/#\/schema\/logo\/image\/","url":"https:\/\/www.ricchezzavera.com\/blog\/wp-content\/uploads\/2023\/08\/LOGO-Merlin-Temple.jpg","contentUrl":"https:\/\/www.ricchezzavera.com\/blog\/wp-content\/uploads\/2023\/08\/LOGO-Merlin-Temple.jpg","width":323,"height":326,"caption":"Merlin Temple SHPK"},"image":{"@id":"https:\/\/www.ricchezzavera.com\/blog\/#\/schema\/logo\/image\/"},"sameAs":["https:\/\/www.facebook.com\/ricchezzavera.fanpage","https:\/\/x.com\/ricchezzavera","https:\/\/it.linkedin.com\/in\/ricchezzavera\/","https:\/\/www.instagram.com\/ricchezzavera\/","https:\/\/www.pinterest.com\/ricchezzavera\/","https:\/\/www.youtube.com\/@RicchezzaVeraChannel"]},{"@type":"Person","@id":"https:\/\/www.ricchezzavera.com\/blog\/#\/schema\/person\/a4ac8688002f5a574cf4f3afeb1b2e85","name":"Jose' Scafarelli","image":{"@type":"ImageObject","inLanguage":"it-IT","@id":"https:\/\/secure.gravatar.com\/avatar\/57747a4f64f798095fc88c87532bda622f44809c99404e4d084a8fc5c1a6491b?s=96&d=mm&r=g","url":"https:\/\/secure.gravatar.com\/avatar\/57747a4f64f798095fc88c87532bda622f44809c99404e4d084a8fc5c1a6491b?s=96&d=mm&r=g","contentUrl":"https:\/\/secure.gravatar.com\/avatar\/57747a4f64f798095fc88c87532bda622f44809c99404e4d084a8fc5c1a6491b?s=96&d=mm&r=g","caption":"Jose' Scafarelli"},"description":"Autore e Ricercatore con il focus sul rapporto tra Ricchezza e Spiritualit\u00e0. I suoi studi hanno dato vita, nel 2007 al Percorso di RicchezzaVera che \u00e8 \"La via dell'Evoluzione Energetica verso la Creazione Consapevole\", aiutando decine di migliaia di persone in tutto il mondo a rendere pi\u00f9 ricca e felice la propria vita. Dopo aver abbandonato la carriera di Avvocato nel 2012, ha tenuto corsi su Ricchezza e Spiritualit\u00e0 in Europa, Asia e Sud America. Negli ultimi 15 anni ha prodotto oltre 114 Training nell'EnergetiClub, e ha pubblicato i Bestseller \"Ama e Arricchisci Te Stesso - Trasforma la tua vita con la Formula Ricchezza Vera\" (edito da Uno Editori) e \"Manifesting Freedom - Come Manifestare la Libert\u00e0 nella tua vita e nel Mondo con la Creazione Consapevole\" (edito da Bruno Editore).","sameAs":["http:\/\/www.ricchezzavera.com\/"],"url":"https:\/\/www.ricchezzavera.com\/blog\/author\/joses\/"}]}},"_links":{"self":[{"href":"https:\/\/www.ricchezzavera.com\/blog\/wp-json\/wp\/v2\/posts\/655","targetHints":{"allow":["GET"]}}],"collection":[{"href":"https:\/\/www.ricchezzavera.com\/blog\/wp-json\/wp\/v2\/posts"}],"about":[{"href":"https:\/\/www.ricchezzavera.com\/blog\/wp-json\/wp\/v2\/types\/post"}],"author":[{"embeddable":true,"href":"https:\/\/www.ricchezzavera.com\/blog\/wp-json\/wp\/v2\/users\/2"}],"replies":[{"embeddable":true,"href":"https:\/\/www.ricchezzavera.com\/blog\/wp-json\/wp\/v2\/comments?post=655"}],"version-history":[{"count":0,"href":"https:\/\/www.ricchezzavera.com\/blog\/wp-json\/wp\/v2\/posts\/655\/revisions"}],"wp:attachment":[{"href":"https:\/\/www.ricchezzavera.com\/blog\/wp-json\/wp\/v2\/media?parent=655"}],"wp:term":[{"taxonomy":"category","embeddable":true,"href":"https:\/\/www.ricchezzavera.com\/blog\/wp-json\/wp\/v2\/categories?post=655"},{"taxonomy":"post_tag","embeddable":true,"href":"https:\/\/www.ricchezzavera.com\/blog\/wp-json\/wp\/v2\/tags?post=655"}],"curies":[{"name":"wp","href":"https:\/\/api.w.org\/{rel}","templated":true}]}}