{"id":3878,"date":"2011-11-30T15:20:37","date_gmt":"2011-11-30T14:20:37","guid":{"rendered":"http:\/\/www.ricchezzavera.com\/blog\/?p=3878"},"modified":"2021-03-25T15:45:22","modified_gmt":"2021-03-25T14:45:22","slug":"vacanze-di-natale-in-emilia-romagna-nella-crescita-personale","status":"publish","type":"post","link":"https:\/\/www.ricchezzavera.com\/blog\/conferenze\/eventi-live\/corsi-di-ricchezza-vera\/vacanze-di-natale-in-emilia-romagna-nella-crescita-personale\/","title":{"rendered":"Vacanze di Natale in Emilia Romagna nella Crescita Personale"},"content":{"rendered":"<p><img loading=\"lazy\" decoding=\"async\" class=\"alignleft size-full wp-image-3879\" title=\"Vacanze di Natale in Emilia Romagna\" alt=\"vacanze di Natale in Emilia Romagna\" src=\"https:\/\/www.ricchezzavera.com\/blog\/wp-content\/uploads\/2011\/11\/Vacanze-di-Natale-in-Emilia-Romagna.jpg\" width=\"308\" height=\"231\" \/>Che ne dici di fare delle <strong>Vacanze di Natale in Emilia Romagna<\/strong> nella Crescita Personale?<\/p>\n<p>Tutto \u00e8 partito dall&#8217;idea di non passare sempre il solito Natale tra parenti, abbuffate, cotechini, cinepanettoni e tombolate&#8230;<\/p>\n<p>C&#8217;\u00e8 chi ama tutto questo, cos\u00ec come ama il traffico cittadino di questo periodo, i festoni natalizi sin dal primo novembre, oppure lo shopping consumistico sfrenato, tipico dei Natali dei nostri tempi.<\/p>\n<p>Massimo rispetto per queste persone, non mi permetto di giudicarle.<\/p>\n<p>E&#8217; vero anche che ci sono persone che si sono stufate di tutto questo.<\/p>\n<p>Io ad esempio ho desiderato per anni di passare un Natale in compagnia di persone potenzianti, magari con un cenone leggero, biologico, vegetariano&#8230;<\/p>\n<p>O addirittura in un ambiente che favorisca l&#8217;ossigenazione delle mie celllule&#8230;<\/p>\n<p>Ecco come mai ho accettato con entusiasmo l&#8217;invito di <strong>Leonardo<\/strong> e<strong> Viviana<\/strong> &#8211; noti trainer di IfeelGood.it &#8211; che proposero a me e ad <strong>Ana Maria Ghinet<\/strong> &#8211; ideatrice del <a title=\"coaching energetico\" href=\"http:\/\/www.EnergetiCoach.com\" target=\"_blank\" rel=\"nofollow noopener\">Coaching Energetico<\/a> &#8211; di organizzare insieme delle <span style=\"text-decoration: underline;\">Vacanze di Natale in Emilia Romagna<\/span> all&#8217;insegna della <strong>Crescita Personale<\/strong>, della <strong>Formazione<\/strong>, dello <strong>Sviluppo Interiore<\/strong>.<\/p>\n<p><!--more--><\/p>\n<h2 style=\"text-align: center;\">Vacanze di Natale in Emilia Romagna<\/h2>\n<h2 style=\"text-align: center;\">nella Crescita Personale<\/h2>\n<figure id=\"attachment_3881\" aria-describedby=\"caption-attachment-3881\" style=\"width: 369px\" class=\"wp-caption alignright\"><img loading=\"lazy\" decoding=\"async\" class=\"size-full wp-image-3881\" title=\"Vacanze di Natale in Emilia Romagna (4)\" alt=\"Vacanze di Natale in Emilia Romagna\" src=\"https:\/\/www.ricchezzavera.com\/blog\/wp-content\/uploads\/2011\/11\/Vacanze-di-Natale-in-Emilia-Romagna-4.jpg\" width=\"369\" height=\"264\" \/><figcaption id=\"caption-attachment-3881\" class=\"wp-caption-text\">Ecco il Centro Olistico in cui passiamo questo Natale!<\/figcaption><\/figure>\n<p>Ecco come \u00e8 nata la cosa&#8230;<\/p>\n<p>Viste le diverse competenze dei 4 trainer, \u00e8 stato facile assemblare un percorso completo che andasse dal <strong>piano Spirituale\/Energetico<\/strong> (<em>connessione con l&#8217;Anima, riattivazione della Divinit\u00e0 Interiore<\/em>), al <strong>piano fisico\/emozionale<\/strong> (<em>come realizzare Rendite da Passioni Vere<\/em>) per finire al <strong>piano psichico\/mentale<\/strong> (<em>programmazione degli obiettivi con la Torre del Weco e la TimeLine<\/em>).<\/p>\n<p>Tutte queste esperienze, sono finalizzate ad un unico scopo: programmarci mentalmente, energeticamente e fisicamente alla manifestazione dei nostri propositi per il 2012.<\/p>\n<p>Il 2012 \u00e8 un anno molto importante per la trasformazione e infatti non penso sia un caso che proprio quest&#8217;anno mi si sia presentata questa opportunit\u00e0!<\/p>\n<p>Il bello \u00e8 che io per primo vivr\u00f2 tutti i Workshop da spettatore (escluso quello in cui sono protagonista).<\/p>\n<p>Ma vediamo insieme quali sono i <strong>Workshop Trasformazionali<\/strong> e in quale ordine si svolgono.<\/p>\n<p>&nbsp;<\/p>\n<h2 style=\"text-align: center;\">Vacanze di Natale in Emilia Romagna<\/h2>\n<h2 style=\"text-align: center;\">nella Crescita Personale &#8211; Giorno I<\/h2>\n<figure id=\"attachment_3882\" aria-describedby=\"caption-attachment-3882\" style=\"width: 400px\" class=\"wp-caption alignleft\"><img loading=\"lazy\" decoding=\"async\" class=\"size-full wp-image-3882\" title=\"Vacanze di Natale in Emilia Romagna (5)\" alt=\"Vacanze di Natale in Emilia Romagna\" src=\"https:\/\/www.ricchezzavera.com\/blog\/wp-content\/uploads\/2011\/11\/Vacanze-di-Natale-in-Emilia-Romagna-5.jpg\" width=\"400\" height=\"267\" \/><figcaption id=\"caption-attachment-3882\" class=\"wp-caption-text\">Ecco il soggiorno in cui ci riposiamo nei momenti di pausa&#8230;<\/figcaption><\/figure>\n<p>Il primo giorno \u00e8 il 24 Dicembre.<\/p>\n<p>Ci si vede nel pomeriggio e si prende possesso delle camere (\u00e8 rimasta l&#8217;ultima tripla!) \ud83d\ude42<\/p>\n<p>Il Centro Olistico che ci ospita \u00e8 completamente in BioArchitettura, con materiali naturali e in linea con le regole del <a title=\"Feng Shui e Ricchezza: come attrarre la Prosperit\u00e0 in casa\" href=\"http:\/\/www.ricchezzavera.com\/blog\/benessere\/feng-shui-e-ricchezza-come-attrarre-la-prosperita-in-casa\/\" target=\"_blank\" rel=\"noopener\">Feng Shui<\/a>.<\/p>\n<p>Poi arriva il momento della <strong>Cena della Vigilia<\/strong> (tutto rigorosamente BIO con cuochi vegetariani) e lo facciamo tutti insieme in una grande sala.<\/p>\n<p>Dopo cena ci riuniamo per alcune attivit\u00e0 collettive (di cui non posso parlarti perch\u00e8 saranno delle sorprese)<\/p>\n<p>\ud83d\ude42<\/p>\n<p>&nbsp;<\/p>\n<p>&nbsp;<\/p>\n<h2 style=\"text-align: center;\">Vacanze di Natale in Emilia Romagna<\/h2>\n<h2 style=\"text-align: center;\">nella Crescita Personale &#8211; Giorno II<\/h2>\n<figure id=\"attachment_3883\" aria-describedby=\"caption-attachment-3883\" style=\"width: 170px\" class=\"wp-caption alignright\"><img loading=\"lazy\" decoding=\"async\" class=\"size-full wp-image-3883\" title=\"ana maria ghinet\" alt=\"ana maria ghinet\" src=\"https:\/\/www.ricchezzavera.com\/blog\/wp-content\/uploads\/2011\/11\/FS3_1512-2-Copia.jpg\" width=\"170\" height=\"256\" \/><figcaption id=\"caption-attachment-3883\" class=\"wp-caption-text\">Ana Maria Ghinet<\/figcaption><\/figure>\n<p>Il secondo giorno \u00e8 Natale, il 25 Dicembre.<\/p>\n<p><em>Colazione rigorosamente BIO (e cos\u00ec sar\u00e0 per il resto delle giornate).<\/em><\/p>\n<p>La nostra Vacanza di Natale prosegue con un primo Workshop Trasformazionale, docente <strong>Ana Maria Ghinet<\/strong> (nella foto qui accanto) e assistente Jos\u00e8 Scafarelli (il sottoscritto): <strong>Allineamento alla Missione dell&#8217;Anima sulla Terra<strong>\u2122<\/strong><\/strong>.<\/p>\n<p>Questo \u00e8 il primo passo fondamentale, la base su cui costruiremo tutto il resto nei giorni successivi.<\/p>\n<p>Una volta trovata la propria vocazione animica, diventa facile capire quale sia la propria strada.<\/p>\n<p>Certo, rimane da comprendere <strong>come far diventare questa vocazione una fonte di reddito<\/strong> (o meglio, di rendite), ma di questo ce ne occupiamo il giorno IV: sono proprio io che spiego come trasformare le nostre vocazioni in rendite passive (i guadagni che sono indipendenti dal nostro lavoro).<\/p>\n<p>Parte integrante di questa prima parte \u00e8 <strong>l&#8217;allineamento del proprio Business alla Missione dell&#8217;Anima<\/strong>&#8230; mmm&#8230; very interesting! \ud83d\ude42<\/p>\n<p><em>Il Pranzo \u00e8 rigorosamente BIO (e cos\u00ec sar\u00e0 per il resto delle giornate).<\/em><\/p>\n<p>Nel pomeriggio c&#8217;\u00e8 un altro Workshop Trasformazionale (stessa docente e stesso assistente): <strong>Attiva la Divinit\u00e0 che \u00e8 in Te<strong>\u2122<\/strong><\/strong>.<\/p>\n<p>Anche qui ci sar\u00e0 una profonda introspezione&#8230; sicuramente sar\u00e0 il Natale pi\u00f9 spirituale che passo da quando sono nato! \ud83d\ude00<\/p>\n<p>Qui si impara come riconoscere ed attivare la nostra Fonte Infinita di Energia.<\/p>\n<p>Ovviamente il nostro 2012 sar\u00e0 molto pi\u00f9 semplice se possiamo attingere da una nostra Fonte Infinita, senza dover prendere dall&#8217;esterno (o dagli altri) l&#8217;energia che ci occorre per realizzare i nostri propositi, giusto?<\/p>\n<p>\ud83d\ude42<\/p>\n<p><em>Dopo i lavori, andiamo a cenare e indovina un p\u00f2 com&#8217;\u00e8 la cena? Rigorosamente BIO (e cos\u00ec sar\u00e0 per il resto delle giornate)!<\/em><\/p>\n<p>\ud83d\ude00<\/p>\n<p>&nbsp;<\/p>\n<h2 style=\"text-align: center;\">Vacanze di Natale in Emilia Romagna<\/h2>\n<h2 style=\"text-align: center;\">nella Crescita Personale &#8211; Giorno III<\/h2>\n<p>E siamo al 26 Dicembre: Santo Stefano!<\/p>\n<p>Ho passato gli ultimi 36 anni a casa di amici a fare <strong>mercanti in fiera, black jack, tombole e giochini vari<\/strong>&#8230; forse \u00e8 arrivato il momento per me di andare un p\u00f2 oltre. \ud83d\ude42<\/p>\n<p>Per carit\u00e0, amo i miei amici profondamente&#8230; e ci sto benissimo quando siamo insieme.<\/p>\n<figure id=\"attachment_3884\" aria-describedby=\"caption-attachment-3884\" style=\"width: 139px\" class=\"wp-caption alignleft\"><img loading=\"lazy\" decoding=\"async\" class=\"size-full wp-image-3884\" title=\"leonardo-di-paola\" alt=\"leonardo-di-paola\" src=\"https:\/\/www.ricchezzavera.com\/blog\/wp-content\/uploads\/2011\/11\/leonardo-di-paola_16105.jpg\" width=\"139\" height=\"190\" \/><figcaption id=\"caption-attachment-3884\" class=\"wp-caption-text\">Leonardo di Paola<\/figcaption><\/figure>\n<p>Ma almeno per una volta, voglio concedermi qualcosa di diverso. Me lo merito! \ud83d\ude42<\/p>\n<p>La prima cosa che faccio \u00e8 quindi fare una telefonata di auguri a Stefano (uno dei miei migliori amici) e poi una bella colazione.<\/p>\n<p>Inutile dire che anche oggi &#8211; e cos\u00ec tutti gli altri giorni &#8211; colazione, pranzo e cena sono assolutamente e completamente BIO! \ud83d\ude42<\/p>\n<p>Il 26 \u00e8 il giorno del secondo Trainer: <strong>Leonardo Di Paola<\/strong> &#8211; esperto coach, coautore del noto WECO (Wellness Coaching), fondato con Viviana Taccione.<\/p>\n<p>E siamo quindi al 3\u00b0 Workshop: <strong>Scalare la Torre del Wellness dal 1\u00b0 al 7\u00b0 Chakra\u2122<\/strong><\/p>\n<p>Leonardo e Viviana ci danno la spinta motivazionale giusta per manifestare tutti gli obiettivi che abbiamo fissato per il 2012 con lo strumento della Torre del Wellness.<\/p>\n<p>Poi si riprende con il 4\u00b0 Workshop: <strong>La Rivincita dell&#8217;Eroe: dalla Mission agli Obiettivi\u2122<\/strong>, sempre di Leonardo di Paola.<\/p>\n<p>Partendo dai lavori sulla <strong>mitologia dell\u2019Eroe<\/strong>, intuito da <strong>Joseph Campbell<\/strong> e sviluppato da diversi Guru della PNL (da <strong>Joseph Riggio<\/strong> a <strong>Robert Dilts<\/strong>, da <strong>Carol Pearson<\/strong> a <strong>Judith DeLorier<\/strong>), recupereremo insieme a Leonardo la metafora e l\u2019energia del <strong>Viaggio dell\u2019Eroe<\/strong>.<\/p>\n<p>Durante La Rivincita dell&#8217;Eroe: dalla Mission agli Obiettivi\u2122 impariamo anchecome funzionano <strong>i 6 ruoli archetipici del potere, le<\/strong><strong> 9 fasi del viaggio dell\u2019Eroe<\/strong> e <strong>Come pianificare un meraviglioso 2012.<\/strong><\/p>\n<p>E dopo questo Workshop e dopo la cenetta BIO.<\/p>\n<p>\ud83d\ude42<\/p>\n<p>&nbsp;<\/p>\n<h2 style=\"text-align: center;\">Vacanze di Natale in Emilia Romagna<\/h2>\n<h2 style=\"text-align: center;\">nella Crescita Personale &#8211; Giorno IV<\/h2>\n<p>27 Dicembre: questo \u00e8 finalmente il mio giorno! \ud83d\ude42<\/p>\n<p>In questa giornata parliamo di <strong>Rendite da Passioni Vere\u2122<\/strong>. Il Trainer sono io e mi assiste Ana Maria Ghinet.<\/p>\n<figure id=\"attachment_3885\" aria-describedby=\"caption-attachment-3885\" style=\"width: 180px\" class=\"wp-caption alignright\"><img loading=\"lazy\" decoding=\"async\" class=\"size-full wp-image-3885\" title=\"jos\u00e8 scafarelli\" alt=\"jos\u00e8 scafarelli\" src=\"https:\/\/www.ricchezzavera.com\/blog\/wp-content\/uploads\/2011\/11\/jos%C3%A82.jpg\" width=\"180\" height=\"195\" \/><figcaption id=\"caption-attachment-3885\" class=\"wp-caption-text\">Jos\u00e8 Scafarelli<\/figcaption><\/figure>\n<p><strong>Rendite<\/strong> significa guadagni automatici che vengono generati indipendentemente dal proprio lavoro e dal tempo che ci si impiega.<\/p>\n<p>Si lavora una volta e poi generano guadagni per sempre, come ad esempio fanno i cantanti: incidono un CD e poi guadagnano rendite a vita per le vendite di quel CD.<\/p>\n<p>Passioni Vere significa Passioni dell&#8217;Anima, non dell&#8217;Ego.<\/p>\n<p>L&#8217;Ego \u00e8 quella parte di noi programmata<\/p>\n<p>Partendo dal presupposto che il tuo lavoro \u00e8 &#8211; pi\u00f9 ancora del tuo partner &#8211; la cosa con cui passerai la maggior parte del tempo della tua vita, <strong>il segreto di una vita felice<\/strong> \u00e8 fare un lavoro che ci piaccia, che ci soddisfi e che ci faccia sentire importanti e utili.<\/p>\n<p><strong>Se fai un lavoro che ami davvero, non ti sembrer\u00e0 mai di lavorare<\/strong>, ma di vivere appassionatamente la tua vita.<\/p>\n<p>Impariamo come fare questo passaggio fondamentale per vivere felici nel QUI ed ORA.<\/p>\n<p><strong>Durante Rendite da Passioni Vere\u2122<\/strong> impariamo anche<strong> come vendere un prodotto prima ancora di averlo creato.<\/strong><\/p>\n<p>Questa \u00e8 una cosa che ho imparato da <a title=\"T Harv Eker\" href=\"https:\/\/www.ricchezzavera.com\/blog\/ricchezzavera\/chi-e-t-harv-eker-e-perche-e-il-nr1\/\" target=\"_blank\" rel=\"noopener\">T Harv Eker<\/a> e sono felice di condividerla con te e gli altri partecipanti. \ud83d\ude42<\/p>\n<p>Fine giornata e cena&#8230; come al solito BIO! \ud83d\ude42<\/p>\n<p>Non vedo l&#8217;ora di applicare tutte <strong>le strategie di apprendimento avanzato<\/strong> che ho imparato al <a title=\"Train The Trainer\" href=\"https:\/\/www.ricchezzavera.com\/blog\/conferenze\/eventi-live\/train-the-trainer-certification-di-t-harv-eker-resoconto\/\" target=\"_blank\" rel=\"noopener\"><strong>Train the Trainer<\/strong><\/a> di Barcellona!<\/p>\n<p>\ud83d\ude42<\/p>\n<p>&nbsp;<\/p>\n<h2 style=\"text-align: center;\">Vacanze di Natale in Emilia Romagna<\/h2>\n<h2 style=\"text-align: center;\">nella Crescita Personale &#8211; Giorno V<\/h2>\n<figure id=\"attachment_3886\" aria-describedby=\"caption-attachment-3886\" style=\"width: 180px\" class=\"wp-caption alignleft\"><img loading=\"lazy\" decoding=\"async\" class=\"size-full wp-image-3886\" title=\"Viviana Taccione\" alt=\"Viviana Taccione\" src=\"https:\/\/www.ricchezzavera.com\/blog\/wp-content\/uploads\/2011\/11\/Viviana-Taccione.jpg\" width=\"180\" height=\"182\" \/><figcaption id=\"caption-attachment-3886\" class=\"wp-caption-text\">Viviana Taccione<\/figcaption><\/figure>\n<p>28 Dicembre: penultimo giorno&#8230; Trainer: <strong>Viviana Taccione<\/strong>, assistita da Leonardo di Paola.<\/p>\n<p>Dopo la colazione rigorosamente BIO, ci occupiamo di <strong>Nuovi Modelli di Intelligenza Ecologica\u2122<\/strong>.<\/p>\n<p>Attraverso una nuova forma di Intelligenza Ecologica, impariamo a <strong>fare di meno e ad avere di pi\u00f9<\/strong>, recuperando un corretto rapporto con la Natura, Sorella Gaia, la Pachamama, che ci avvicini ancor di pi\u00f9 alla nostra Mission.<\/p>\n<p><strong>La Terra \u00e8 il parco giochi della nostra Anima<\/strong>, e solo comprendendola profondamente e rispettando tutte le sue creature, impareremo ad amare fino in fondo noi stessi, <strong>trovando le nostre radici<\/strong> e riaccendendo la nostra Scintillla Divina.<\/p>\n<p>Durante <strong>Nuovi Modelli di Intelligenza Ecologica\u2122<\/strong> facciamo alcuni interessantissimi giochi educativi.<\/p>\n<p>Intermezzo di pranzo BIO e poi&#8230; il settimo Workshop:<\/p>\n<p><strong>Accogliere il Futuro: dalla Dicken&#8217;s Line alla Time Line\u2122<\/strong><\/p>\n<p>Ancora Viviana, assistita sempre da Leonardo.<\/p>\n<p>Grazie alla nostra illimitata <strong>capacit\u00e0 di <a title=\"Visualizzazione Creativa\" href=\"https:\/\/www.ricchezzavera.com\/blog\/loa-legge-di-attrazione\/manifesting\/visualizzazione-creativa-funziona\/\" target=\"_blank\" rel=\"noopener\">visualizzazione creativa<\/a><\/strong>, possiamo scoprire <strong>come farci ispirare ed elevare<\/strong> dall\u2019entusiasmo di eventi gioiosi.<\/p>\n<p><strong>Accogliere il futuro<\/strong> \u00e8 un\u2019arte antica, che si pu\u00f2 imparare, e che ognuno di noi merita di conoscere e usare, a prescindere da quello che desidera dalla sua vita.<\/p>\n<p>Ancora una volta, ci attendono una magnifica cenetta BIO.<\/p>\n<p>&nbsp;<\/p>\n<h2 style=\"text-align: center;\">Vacanze di Natale in Emilia Romagna<\/h2>\n<h2 style=\"text-align: center;\">nella Crescita Personale &#8211; Giorno V<\/h2>\n<p>29 Dicembre&#8230; ci svegliamo con calma e liberiamo le stanze.<\/p>\n<figure id=\"attachment_3887\" aria-describedby=\"caption-attachment-3887\" style=\"width: 400px\" class=\"wp-caption alignright\"><img loading=\"lazy\" decoding=\"async\" class=\"size-full wp-image-3887 \" title=\"Vacanze di Natale in Emilia Romagna (3)\" alt=\"Vacanze di Natale in Emilia Romagna\" src=\"https:\/\/www.ricchezzavera.com\/blog\/wp-content\/uploads\/2011\/11\/Vacanze-di-Natale-in-Emilia-Romagna-3.jpg\" width=\"400\" height=\"263\" \/><figcaption id=\"caption-attachment-3887\" class=\"wp-caption-text\">Ecco la sala grande in cui facciamo tutte le attivit\u00e0!<\/figcaption><\/figure>\n<p>Abbiamo ancora un p\u00f2 di tempo per goderci la natura che ci circonda&#8230;<\/p>\n<p>Faremo un ultimo pranzo insieme, prima di congedarci&#8230;<\/p>\n<p>Ma prima&#8230; prima di salutarci, durante la mattina del 29, ci sar\u00e0 una magnifica sorpresa!<\/p>\n<p>Una esperienza trasformazionale molto interessante! \ud83d\ude42<\/p>\n<p>Di questa per\u00f2&#8230; non posso dirti davvero nulla&#8230; altrimenti che sorpresa \u00e8??<\/p>\n<p>\ud83d\ude00<\/p>\n<p>&nbsp;<\/p>\n<h3 style=\"text-align: center;\">Vacanze di Natale in Emilia Romagna<\/h3>\n<h3 style=\"text-align: center;\">nella Crescita Personale<\/h3>\n<h3 style=\"text-align: center;\">Organizzazione e conclusioni<\/h3>\n<p>Letto il programma delle <span style=\"text-decoration: underline;\">Vacanze di Natale in Emilia Romagna<\/span><em><\/em>, immagino che tu voglia conoscere i dettagli per poterti iscrivere.<\/p>\n<p>Purtroppo ho da darti una brutta notizia: mentre ti scrivo sono rimaste pochissime camere: tutte le doppie e le triple sono state prese in un lampo.<\/p>\n<p>E&#8217; rimasta soltanto un&#8217;ultima tripla e 2 camere da 5 in cui possono sistemarsi anche 2 coppie.<\/p>\n<p>Abbiamo constatato che la maggior parte dei partecipanti sono coppie con bambini, quindi abbiamo provveduto a far venire <strong>un Animatore Professionista<\/strong> di fiducia <strong>che fa divertire i bambini<\/strong>, in una stanza vicina a quella in cui noi facciamo i seminari.<\/p>\n<p>Ogni ora c&#8217;\u00e8 una pausa, quindi le mamme possono correre ad abbracciare i loro pargoli continuamente! \ud83d\ude42<\/p>\n<ul>\n<li>Se hai domande, falle pure nei commenti qui in basso.<\/li>\n<li>Ogni Workshop dura circa 3 ore, quindi ci sono molto momenti di Relax.<\/li>\n<li>Oggi \u00e8 l&#8217;ultimo giorno in cui si pu\u00f2 dilazionare il pagamento, dal 1\u00b0 Dicembre si versa la quota per intero.<\/li>\n<li>Ultima Tripla e ultima camera multipla (con sconto di 100 euro).<\/li>\n<\/ul>\n<blockquote>\n<p style=\"text-align: center;\"><strong>Se hai deciso di iscriverti subito <\/strong><\/p>\n<p style=\"text-align: center;\"><strong>a queste <strong>Vacanze di Natale in Emilia Romagna<\/strong>, <\/strong><\/p>\n<p style=\"text-align: center;\"><strong>devo comunicarti che il corso \u00e8 stato gi\u00e0 fatto! \ud83d\ude42<\/strong><\/p>\n<p style=\"text-align: center;\"><a href=\"https:\/\/ricchezzavera.com\/renditedapassioni\/\" target=\"_blank\" rel=\"noopener\"><strong>Clicca qui per guardare un estratto video gratuito della mia giornata! \ud83d\ude42<\/strong><\/a><\/p>\n<\/blockquote>\n<p>B\u00e9, penso di averti detto proprio tutto&#8230; non vedo l&#8217;ora di passare insieme il Natale pi\u00f9 bello della mia vita! \ud83d\ude42<\/p>\n<p>1abbraccio<\/p>\n<p>Jos\u00e8<\/p>\n<p>PS<\/p>\n<p>Se ti \u00e8 piaciuto <em>&#8220;Vacanze di Natale in Emilia Romagna nella Crescita Personale&#8221;<\/em> clicca sul pulsante BLU qui in basso e <strong>Condividi su Facebook<\/strong>, grazie! \ud83d\ude42<\/p>\n","protected":false},"excerpt":{"rendered":"<p>Che ne dici di fare delle Vacanze di Natale in Emilia Romagna nella Crescita Personale? Tutto \u00e8 partito dall&#8217;idea di non passare sempre il solito Natale tra parenti, abbuffate, cotechini, cinepanettoni e tombolate&#8230; C&#8217;\u00e8 chi ama tutto questo, cos\u00ec come ama il traffico cittadino di questo periodo, i festoni natalizi sin dal primo novembre, oppure [&hellip;]<\/p>\n","protected":false},"author":2,"featured_media":3879,"comment_status":"open","ping_status":"closed","sticky":false,"template":"","format":"standard","meta":{"footnotes":""},"categories":[370],"tags":[371,380,379,381],"class_list":["post-3878","post","type-post","status-publish","format-standard","has-post-thumbnail","hentry","category-corsi-di-ricchezza-vera","tag-ana-maria-ghinet","tag-leonardo-di-paola","tag-vacanze-di-natale","tag-viviana-taccione","post-wrapper","thrv_wrapper"],"yoast_head":"<!-- This site is optimized with the Yoast SEO plugin v27.5 - https:\/\/yoast.com\/product\/yoast-seo-wordpress\/ -->\n<title>Vacanze di Natale in Emilia Romagna<\/title>\n<meta name=\"description\" content=\"Che ne dici di fare delle Vacanze di Natale in Emilia Romagna nella Crescita Personale? Tutto \u00e8 partito dall&#039;idea di non passare sempre il solito Natale tra\" \/>\n<meta name=\"robots\" content=\"index, follow, max-snippet:-1, max-image-preview:large, max-video-preview:-1\" \/>\n<link rel=\"canonical\" href=\"https:\/\/www.ricchezzavera.com\/blog\/conferenze\/eventi-live\/corsi-di-ricchezza-vera\/vacanze-di-natale-in-emilia-romagna-nella-crescita-personale\/\" \/>\n<meta property=\"og:locale\" content=\"it_IT\" \/>\n<meta property=\"og:type\" content=\"article\" \/>\n<meta property=\"og:title\" content=\"Vacanze di Natale in Emilia Romagna\" \/>\n<meta property=\"og:description\" content=\"Che ne dici di fare delle Vacanze di Natale in Emilia Romagna nella Crescita Personale? Tutto \u00e8 partito dall&#039;idea di non passare sempre il solito Natale tra\" \/>\n<meta property=\"og:url\" content=\"https:\/\/www.ricchezzavera.com\/blog\/conferenze\/eventi-live\/corsi-di-ricchezza-vera\/vacanze-di-natale-in-emilia-romagna-nella-crescita-personale\/\" \/>\n<meta property=\"og:site_name\" content=\"Ricchezza Vera\" \/>\n<meta property=\"article:publisher\" content=\"https:\/\/www.facebook.com\/ricchezzavera.fanpage\" \/>\n<meta property=\"article:published_time\" content=\"2011-11-30T14:20:37+00:00\" \/>\n<meta property=\"article:modified_time\" content=\"2021-03-25T14:45:22+00:00\" \/>\n<meta property=\"og:image\" content=\"https:\/\/www.ricchezzavera.com\/blog\/wp-content\/uploads\/2011\/11\/Vacanze-di-Natale-in-Emilia-Romagna.jpg\" \/>\n\t<meta property=\"og:image:width\" content=\"1\" \/>\n\t<meta property=\"og:image:height\" content=\"1\" \/>\n\t<meta property=\"og:image:type\" content=\"image\/jpeg\" \/>\n<meta name=\"author\" content=\"Jose&#039; Scafarelli\" \/>\n<meta name=\"twitter:card\" content=\"summary_large_image\" \/>\n<meta name=\"twitter:creator\" content=\"@ricchezzavera\" \/>\n<meta name=\"twitter:site\" content=\"@ricchezzavera\" \/>\n<meta name=\"twitter:label1\" content=\"Scritto da\" \/>\n\t<meta name=\"twitter:data1\" content=\"Jose&#039; Scafarelli\" \/>\n\t<meta name=\"twitter:label2\" content=\"Tempo di lettura stimato\" \/>\n\t<meta name=\"twitter:data2\" content=\"9 minuti\" \/>\n<script type=\"application\/ld+json\" class=\"yoast-schema-graph\">{\"@context\":\"https:\\\/\\\/schema.org\",\"@graph\":[{\"@type\":\"Article\",\"@id\":\"https:\\\/\\\/www.ricchezzavera.com\\\/blog\\\/conferenze\\\/eventi-live\\\/corsi-di-ricchezza-vera\\\/vacanze-di-natale-in-emilia-romagna-nella-crescita-personale\\\/#article\",\"isPartOf\":{\"@id\":\"https:\\\/\\\/www.ricchezzavera.com\\\/blog\\\/conferenze\\\/eventi-live\\\/corsi-di-ricchezza-vera\\\/vacanze-di-natale-in-emilia-romagna-nella-crescita-personale\\\/\"},\"author\":{\"name\":\"Jose' Scafarelli\",\"@id\":\"https:\\\/\\\/www.ricchezzavera.com\\\/blog\\\/#\\\/schema\\\/person\\\/a4ac8688002f5a574cf4f3afeb1b2e85\"},\"headline\":\"Vacanze di Natale in Emilia Romagna nella Crescita Personale\",\"datePublished\":\"2011-11-30T14:20:37+00:00\",\"dateModified\":\"2021-03-25T14:45:22+00:00\",\"mainEntityOfPage\":{\"@id\":\"https:\\\/\\\/www.ricchezzavera.com\\\/blog\\\/conferenze\\\/eventi-live\\\/corsi-di-ricchezza-vera\\\/vacanze-di-natale-in-emilia-romagna-nella-crescita-personale\\\/\"},\"wordCount\":1885,\"commentCount\":10,\"publisher\":{\"@id\":\"https:\\\/\\\/www.ricchezzavera.com\\\/blog\\\/#organization\"},\"image\":{\"@id\":\"https:\\\/\\\/www.ricchezzavera.com\\\/blog\\\/conferenze\\\/eventi-live\\\/corsi-di-ricchezza-vera\\\/vacanze-di-natale-in-emilia-romagna-nella-crescita-personale\\\/#primaryimage\"},\"thumbnailUrl\":\"https:\\\/\\\/www.ricchezzavera.com\\\/blog\\\/wp-content\\\/uploads\\\/2011\\\/11\\\/Vacanze-di-Natale-in-Emilia-Romagna.jpg\",\"keywords\":[\"Ana Maria Ghinet\",\"Leonardo di Paola\",\"Vacanze di Natale\",\"Viviana Taccione\"],\"articleSection\":[\"Corsi di Ricchezza Vera\"],\"inLanguage\":\"it-IT\",\"potentialAction\":[{\"@type\":\"CommentAction\",\"name\":\"Comment\",\"target\":[\"https:\\\/\\\/www.ricchezzavera.com\\\/blog\\\/conferenze\\\/eventi-live\\\/corsi-di-ricchezza-vera\\\/vacanze-di-natale-in-emilia-romagna-nella-crescita-personale\\\/#respond\"]}]},{\"@type\":\"WebPage\",\"@id\":\"https:\\\/\\\/www.ricchezzavera.com\\\/blog\\\/conferenze\\\/eventi-live\\\/corsi-di-ricchezza-vera\\\/vacanze-di-natale-in-emilia-romagna-nella-crescita-personale\\\/\",\"url\":\"https:\\\/\\\/www.ricchezzavera.com\\\/blog\\\/conferenze\\\/eventi-live\\\/corsi-di-ricchezza-vera\\\/vacanze-di-natale-in-emilia-romagna-nella-crescita-personale\\\/\",\"name\":\"Vacanze di Natale in Emilia Romagna\",\"isPartOf\":{\"@id\":\"https:\\\/\\\/www.ricchezzavera.com\\\/blog\\\/#website\"},\"primaryImageOfPage\":{\"@id\":\"https:\\\/\\\/www.ricchezzavera.com\\\/blog\\\/conferenze\\\/eventi-live\\\/corsi-di-ricchezza-vera\\\/vacanze-di-natale-in-emilia-romagna-nella-crescita-personale\\\/#primaryimage\"},\"image\":{\"@id\":\"https:\\\/\\\/www.ricchezzavera.com\\\/blog\\\/conferenze\\\/eventi-live\\\/corsi-di-ricchezza-vera\\\/vacanze-di-natale-in-emilia-romagna-nella-crescita-personale\\\/#primaryimage\"},\"thumbnailUrl\":\"https:\\\/\\\/www.ricchezzavera.com\\\/blog\\\/wp-content\\\/uploads\\\/2011\\\/11\\\/Vacanze-di-Natale-in-Emilia-Romagna.jpg\",\"datePublished\":\"2011-11-30T14:20:37+00:00\",\"dateModified\":\"2021-03-25T14:45:22+00:00\",\"description\":\"Che ne dici di fare delle Vacanze di Natale in Emilia Romagna nella Crescita Personale? Tutto \u00e8 partito dall'idea di non passare sempre il solito Natale tra\",\"inLanguage\":\"it-IT\",\"potentialAction\":[{\"@type\":\"ReadAction\",\"target\":[\"https:\\\/\\\/www.ricchezzavera.com\\\/blog\\\/conferenze\\\/eventi-live\\\/corsi-di-ricchezza-vera\\\/vacanze-di-natale-in-emilia-romagna-nella-crescita-personale\\\/\"]}]},{\"@type\":\"ImageObject\",\"inLanguage\":\"it-IT\",\"@id\":\"https:\\\/\\\/www.ricchezzavera.com\\\/blog\\\/conferenze\\\/eventi-live\\\/corsi-di-ricchezza-vera\\\/vacanze-di-natale-in-emilia-romagna-nella-crescita-personale\\\/#primaryimage\",\"url\":\"https:\\\/\\\/www.ricchezzavera.com\\\/blog\\\/wp-content\\\/uploads\\\/2011\\\/11\\\/Vacanze-di-Natale-in-Emilia-Romagna.jpg\",\"contentUrl\":\"https:\\\/\\\/www.ricchezzavera.com\\\/blog\\\/wp-content\\\/uploads\\\/2011\\\/11\\\/Vacanze-di-Natale-in-Emilia-Romagna.jpg\",\"caption\":\"acanze di Natale in Emilia Romagna\"},{\"@type\":\"WebSite\",\"@id\":\"https:\\\/\\\/www.ricchezzavera.com\\\/blog\\\/#website\",\"url\":\"https:\\\/\\\/www.ricchezzavera.com\\\/blog\\\/\",\"name\":\"Ricchezza Vera\",\"description\":\"Il Tuo Percorso di Evoluzione Energetica per la Creazione Consapevole\",\"publisher\":{\"@id\":\"https:\\\/\\\/www.ricchezzavera.com\\\/blog\\\/#organization\"},\"potentialAction\":[{\"@type\":\"SearchAction\",\"target\":{\"@type\":\"EntryPoint\",\"urlTemplate\":\"https:\\\/\\\/www.ricchezzavera.com\\\/blog\\\/?s={search_term_string}\"},\"query-input\":{\"@type\":\"PropertyValueSpecification\",\"valueRequired\":true,\"valueName\":\"search_term_string\"}}],\"inLanguage\":\"it-IT\"},{\"@type\":\"Organization\",\"@id\":\"https:\\\/\\\/www.ricchezzavera.com\\\/blog\\\/#organization\",\"name\":\"Merlin Temple SHPK\",\"url\":\"https:\\\/\\\/www.ricchezzavera.com\\\/blog\\\/\",\"logo\":{\"@type\":\"ImageObject\",\"inLanguage\":\"it-IT\",\"@id\":\"https:\\\/\\\/www.ricchezzavera.com\\\/blog\\\/#\\\/schema\\\/logo\\\/image\\\/\",\"url\":\"https:\\\/\\\/www.ricchezzavera.com\\\/blog\\\/wp-content\\\/uploads\\\/2023\\\/08\\\/LOGO-Merlin-Temple.jpg\",\"contentUrl\":\"https:\\\/\\\/www.ricchezzavera.com\\\/blog\\\/wp-content\\\/uploads\\\/2023\\\/08\\\/LOGO-Merlin-Temple.jpg\",\"width\":323,\"height\":326,\"caption\":\"Merlin Temple SHPK\"},\"image\":{\"@id\":\"https:\\\/\\\/www.ricchezzavera.com\\\/blog\\\/#\\\/schema\\\/logo\\\/image\\\/\"},\"sameAs\":[\"https:\\\/\\\/www.facebook.com\\\/ricchezzavera.fanpage\",\"https:\\\/\\\/x.com\\\/ricchezzavera\",\"https:\\\/\\\/it.linkedin.com\\\/in\\\/ricchezzavera\\\/\",\"https:\\\/\\\/www.instagram.com\\\/ricchezzavera\\\/\",\"https:\\\/\\\/www.pinterest.com\\\/ricchezzavera\\\/\",\"https:\\\/\\\/www.youtube.com\\\/@RicchezzaVeraChannel\"]},{\"@type\":\"Person\",\"@id\":\"https:\\\/\\\/www.ricchezzavera.com\\\/blog\\\/#\\\/schema\\\/person\\\/a4ac8688002f5a574cf4f3afeb1b2e85\",\"name\":\"Jose' Scafarelli\",\"image\":{\"@type\":\"ImageObject\",\"inLanguage\":\"it-IT\",\"@id\":\"https:\\\/\\\/secure.gravatar.com\\\/avatar\\\/57747a4f64f798095fc88c87532bda622f44809c99404e4d084a8fc5c1a6491b?s=96&d=mm&r=g\",\"url\":\"https:\\\/\\\/secure.gravatar.com\\\/avatar\\\/57747a4f64f798095fc88c87532bda622f44809c99404e4d084a8fc5c1a6491b?s=96&d=mm&r=g\",\"contentUrl\":\"https:\\\/\\\/secure.gravatar.com\\\/avatar\\\/57747a4f64f798095fc88c87532bda622f44809c99404e4d084a8fc5c1a6491b?s=96&d=mm&r=g\",\"caption\":\"Jose' Scafarelli\"},\"description\":\"Autore e Ricercatore con il focus sul rapporto tra Ricchezza e Spiritualit\u00e0. I suoi studi hanno dato vita, nel 2007 al Percorso di RicchezzaVera che \u00e8 \\\"La via dell'Evoluzione Energetica verso la Creazione Consapevole\\\", aiutando decine di migliaia di persone in tutto il mondo a rendere pi\u00f9 ricca e felice la propria vita. Dopo aver abbandonato la carriera di Avvocato nel 2012, ha tenuto corsi su Ricchezza e Spiritualit\u00e0 in Europa, Asia e Sud America. Negli ultimi 15 anni ha prodotto oltre 114 Training nell'EnergetiClub, e ha pubblicato i Bestseller \\\"Ama e Arricchisci Te Stesso - Trasforma la tua vita con la Formula Ricchezza Vera\\\" (edito da Uno Editori) e \\\"Manifesting Freedom - Come Manifestare la Libert\u00e0 nella tua vita e nel Mondo con la Creazione Consapevole\\\" (edito da Bruno Editore).\",\"sameAs\":[\"http:\\\/\\\/www.ricchezzavera.com\\\/\"],\"url\":\"https:\\\/\\\/www.ricchezzavera.com\\\/blog\\\/author\\\/joses\\\/\"}]}<\/script>\n<!-- \/ Yoast SEO plugin. -->","yoast_head_json":{"title":"Vacanze di Natale in Emilia Romagna","description":"Che ne dici di fare delle Vacanze di Natale in Emilia Romagna nella Crescita Personale? Tutto \u00e8 partito dall'idea di non passare sempre il solito Natale tra","robots":{"index":"index","follow":"follow","max-snippet":"max-snippet:-1","max-image-preview":"max-image-preview:large","max-video-preview":"max-video-preview:-1"},"canonical":"https:\/\/www.ricchezzavera.com\/blog\/conferenze\/eventi-live\/corsi-di-ricchezza-vera\/vacanze-di-natale-in-emilia-romagna-nella-crescita-personale\/","og_locale":"it_IT","og_type":"article","og_title":"Vacanze di Natale in Emilia Romagna","og_description":"Che ne dici di fare delle Vacanze di Natale in Emilia Romagna nella Crescita Personale? Tutto \u00e8 partito dall'idea di non passare sempre il solito Natale tra","og_url":"https:\/\/www.ricchezzavera.com\/blog\/conferenze\/eventi-live\/corsi-di-ricchezza-vera\/vacanze-di-natale-in-emilia-romagna-nella-crescita-personale\/","og_site_name":"Ricchezza Vera","article_publisher":"https:\/\/www.facebook.com\/ricchezzavera.fanpage","article_published_time":"2011-11-30T14:20:37+00:00","article_modified_time":"2021-03-25T14:45:22+00:00","og_image":[{"url":"https:\/\/www.ricchezzavera.com\/blog\/wp-content\/uploads\/2011\/11\/Vacanze-di-Natale-in-Emilia-Romagna.jpg","width":1,"height":1,"type":"image\/jpeg"}],"author":"Jose' Scafarelli","twitter_card":"summary_large_image","twitter_creator":"@ricchezzavera","twitter_site":"@ricchezzavera","twitter_misc":{"Scritto da":"Jose' Scafarelli","Tempo di lettura stimato":"9 minuti"},"schema":{"@context":"https:\/\/schema.org","@graph":[{"@type":"Article","@id":"https:\/\/www.ricchezzavera.com\/blog\/conferenze\/eventi-live\/corsi-di-ricchezza-vera\/vacanze-di-natale-in-emilia-romagna-nella-crescita-personale\/#article","isPartOf":{"@id":"https:\/\/www.ricchezzavera.com\/blog\/conferenze\/eventi-live\/corsi-di-ricchezza-vera\/vacanze-di-natale-in-emilia-romagna-nella-crescita-personale\/"},"author":{"name":"Jose' Scafarelli","@id":"https:\/\/www.ricchezzavera.com\/blog\/#\/schema\/person\/a4ac8688002f5a574cf4f3afeb1b2e85"},"headline":"Vacanze di Natale in Emilia Romagna nella Crescita Personale","datePublished":"2011-11-30T14:20:37+00:00","dateModified":"2021-03-25T14:45:22+00:00","mainEntityOfPage":{"@id":"https:\/\/www.ricchezzavera.com\/blog\/conferenze\/eventi-live\/corsi-di-ricchezza-vera\/vacanze-di-natale-in-emilia-romagna-nella-crescita-personale\/"},"wordCount":1885,"commentCount":10,"publisher":{"@id":"https:\/\/www.ricchezzavera.com\/blog\/#organization"},"image":{"@id":"https:\/\/www.ricchezzavera.com\/blog\/conferenze\/eventi-live\/corsi-di-ricchezza-vera\/vacanze-di-natale-in-emilia-romagna-nella-crescita-personale\/#primaryimage"},"thumbnailUrl":"https:\/\/www.ricchezzavera.com\/blog\/wp-content\/uploads\/2011\/11\/Vacanze-di-Natale-in-Emilia-Romagna.jpg","keywords":["Ana Maria Ghinet","Leonardo di Paola","Vacanze di Natale","Viviana Taccione"],"articleSection":["Corsi di Ricchezza Vera"],"inLanguage":"it-IT","potentialAction":[{"@type":"CommentAction","name":"Comment","target":["https:\/\/www.ricchezzavera.com\/blog\/conferenze\/eventi-live\/corsi-di-ricchezza-vera\/vacanze-di-natale-in-emilia-romagna-nella-crescita-personale\/#respond"]}]},{"@type":"WebPage","@id":"https:\/\/www.ricchezzavera.com\/blog\/conferenze\/eventi-live\/corsi-di-ricchezza-vera\/vacanze-di-natale-in-emilia-romagna-nella-crescita-personale\/","url":"https:\/\/www.ricchezzavera.com\/blog\/conferenze\/eventi-live\/corsi-di-ricchezza-vera\/vacanze-di-natale-in-emilia-romagna-nella-crescita-personale\/","name":"Vacanze di Natale in Emilia Romagna","isPartOf":{"@id":"https:\/\/www.ricchezzavera.com\/blog\/#website"},"primaryImageOfPage":{"@id":"https:\/\/www.ricchezzavera.com\/blog\/conferenze\/eventi-live\/corsi-di-ricchezza-vera\/vacanze-di-natale-in-emilia-romagna-nella-crescita-personale\/#primaryimage"},"image":{"@id":"https:\/\/www.ricchezzavera.com\/blog\/conferenze\/eventi-live\/corsi-di-ricchezza-vera\/vacanze-di-natale-in-emilia-romagna-nella-crescita-personale\/#primaryimage"},"thumbnailUrl":"https:\/\/www.ricchezzavera.com\/blog\/wp-content\/uploads\/2011\/11\/Vacanze-di-Natale-in-Emilia-Romagna.jpg","datePublished":"2011-11-30T14:20:37+00:00","dateModified":"2021-03-25T14:45:22+00:00","description":"Che ne dici di fare delle Vacanze di Natale in Emilia Romagna nella Crescita Personale? Tutto \u00e8 partito dall'idea di non passare sempre il solito Natale tra","inLanguage":"it-IT","potentialAction":[{"@type":"ReadAction","target":["https:\/\/www.ricchezzavera.com\/blog\/conferenze\/eventi-live\/corsi-di-ricchezza-vera\/vacanze-di-natale-in-emilia-romagna-nella-crescita-personale\/"]}]},{"@type":"ImageObject","inLanguage":"it-IT","@id":"https:\/\/www.ricchezzavera.com\/blog\/conferenze\/eventi-live\/corsi-di-ricchezza-vera\/vacanze-di-natale-in-emilia-romagna-nella-crescita-personale\/#primaryimage","url":"https:\/\/www.ricchezzavera.com\/blog\/wp-content\/uploads\/2011\/11\/Vacanze-di-Natale-in-Emilia-Romagna.jpg","contentUrl":"https:\/\/www.ricchezzavera.com\/blog\/wp-content\/uploads\/2011\/11\/Vacanze-di-Natale-in-Emilia-Romagna.jpg","caption":"acanze di Natale in Emilia Romagna"},{"@type":"WebSite","@id":"https:\/\/www.ricchezzavera.com\/blog\/#website","url":"https:\/\/www.ricchezzavera.com\/blog\/","name":"Ricchezza Vera","description":"Il Tuo Percorso di Evoluzione Energetica per la Creazione Consapevole","publisher":{"@id":"https:\/\/www.ricchezzavera.com\/blog\/#organization"},"potentialAction":[{"@type":"SearchAction","target":{"@type":"EntryPoint","urlTemplate":"https:\/\/www.ricchezzavera.com\/blog\/?s={search_term_string}"},"query-input":{"@type":"PropertyValueSpecification","valueRequired":true,"valueName":"search_term_string"}}],"inLanguage":"it-IT"},{"@type":"Organization","@id":"https:\/\/www.ricchezzavera.com\/blog\/#organization","name":"Merlin Temple SHPK","url":"https:\/\/www.ricchezzavera.com\/blog\/","logo":{"@type":"ImageObject","inLanguage":"it-IT","@id":"https:\/\/www.ricchezzavera.com\/blog\/#\/schema\/logo\/image\/","url":"https:\/\/www.ricchezzavera.com\/blog\/wp-content\/uploads\/2023\/08\/LOGO-Merlin-Temple.jpg","contentUrl":"https:\/\/www.ricchezzavera.com\/blog\/wp-content\/uploads\/2023\/08\/LOGO-Merlin-Temple.jpg","width":323,"height":326,"caption":"Merlin Temple SHPK"},"image":{"@id":"https:\/\/www.ricchezzavera.com\/blog\/#\/schema\/logo\/image\/"},"sameAs":["https:\/\/www.facebook.com\/ricchezzavera.fanpage","https:\/\/x.com\/ricchezzavera","https:\/\/it.linkedin.com\/in\/ricchezzavera\/","https:\/\/www.instagram.com\/ricchezzavera\/","https:\/\/www.pinterest.com\/ricchezzavera\/","https:\/\/www.youtube.com\/@RicchezzaVeraChannel"]},{"@type":"Person","@id":"https:\/\/www.ricchezzavera.com\/blog\/#\/schema\/person\/a4ac8688002f5a574cf4f3afeb1b2e85","name":"Jose' Scafarelli","image":{"@type":"ImageObject","inLanguage":"it-IT","@id":"https:\/\/secure.gravatar.com\/avatar\/57747a4f64f798095fc88c87532bda622f44809c99404e4d084a8fc5c1a6491b?s=96&d=mm&r=g","url":"https:\/\/secure.gravatar.com\/avatar\/57747a4f64f798095fc88c87532bda622f44809c99404e4d084a8fc5c1a6491b?s=96&d=mm&r=g","contentUrl":"https:\/\/secure.gravatar.com\/avatar\/57747a4f64f798095fc88c87532bda622f44809c99404e4d084a8fc5c1a6491b?s=96&d=mm&r=g","caption":"Jose' Scafarelli"},"description":"Autore e Ricercatore con il focus sul rapporto tra Ricchezza e Spiritualit\u00e0. I suoi studi hanno dato vita, nel 2007 al Percorso di RicchezzaVera che \u00e8 \"La via dell'Evoluzione Energetica verso la Creazione Consapevole\", aiutando decine di migliaia di persone in tutto il mondo a rendere pi\u00f9 ricca e felice la propria vita. Dopo aver abbandonato la carriera di Avvocato nel 2012, ha tenuto corsi su Ricchezza e Spiritualit\u00e0 in Europa, Asia e Sud America. Negli ultimi 15 anni ha prodotto oltre 114 Training nell'EnergetiClub, e ha pubblicato i Bestseller \"Ama e Arricchisci Te Stesso - Trasforma la tua vita con la Formula Ricchezza Vera\" (edito da Uno Editori) e \"Manifesting Freedom - Come Manifestare la Libert\u00e0 nella tua vita e nel Mondo con la Creazione Consapevole\" (edito da Bruno Editore).","sameAs":["http:\/\/www.ricchezzavera.com\/"],"url":"https:\/\/www.ricchezzavera.com\/blog\/author\/joses\/"}]}},"_links":{"self":[{"href":"https:\/\/www.ricchezzavera.com\/blog\/wp-json\/wp\/v2\/posts\/3878","targetHints":{"allow":["GET"]}}],"collection":[{"href":"https:\/\/www.ricchezzavera.com\/blog\/wp-json\/wp\/v2\/posts"}],"about":[{"href":"https:\/\/www.ricchezzavera.com\/blog\/wp-json\/wp\/v2\/types\/post"}],"author":[{"embeddable":true,"href":"https:\/\/www.ricchezzavera.com\/blog\/wp-json\/wp\/v2\/users\/2"}],"replies":[{"embeddable":true,"href":"https:\/\/www.ricchezzavera.com\/blog\/wp-json\/wp\/v2\/comments?post=3878"}],"version-history":[{"count":0,"href":"https:\/\/www.ricchezzavera.com\/blog\/wp-json\/wp\/v2\/posts\/3878\/revisions"}],"wp:featuredmedia":[{"embeddable":true,"href":"https:\/\/www.ricchezzavera.com\/blog\/wp-json\/wp\/v2\/media\/3879"}],"wp:attachment":[{"href":"https:\/\/www.ricchezzavera.com\/blog\/wp-json\/wp\/v2\/media?parent=3878"}],"wp:term":[{"taxonomy":"category","embeddable":true,"href":"https:\/\/www.ricchezzavera.com\/blog\/wp-json\/wp\/v2\/categories?post=3878"},{"taxonomy":"post_tag","embeddable":true,"href":"https:\/\/www.ricchezzavera.com\/blog\/wp-json\/wp\/v2\/tags?post=3878"}],"curies":[{"name":"wp","href":"https:\/\/api.w.org\/{rel}","templated":true}]}}